{"id":1429,"date":"2025-06-02T17:43:38","date_gmt":"2025-06-02T15:43:38","guid":{"rendered":"https:\/\/2068lacompagnie.com\/?p=1429"},"modified":"2026-03-05T11:10:45","modified_gmt":"2026-03-05T10:10:45","slug":"le-programme-du-4-au-6-juillet-2025","status":"publish","type":"post","link":"https:\/\/2068lacompagnie.com\/index.php\/2025\/06\/02\/le-programme-du-4-au-6-juillet-2025\/","title":{"rendered":"le Festival des Pr\u00e9ambules du 4 au 6 juillet 2025 !"},"content":{"rendered":"\n<p>Nous vous donnons rdv \u00e0 Rochefort du Gard , programme d\u00e9taill\u00e9 ci dessous <\/p>\n\n\n\n<figure class=\"wp-block-gallery has-nested-images columns-default is-cropped wp-block-gallery-1 is-layout-flex wp-block-gallery-is-layout-flex\">\n<figure class=\"wp-block-image size-large\"><img loading=\"lazy\" decoding=\"async\" width=\"724\" height=\"1024\" data-id=\"1430\" src=\"https:\/\/2068lacompagnie.com\/wp-content\/uploads\/2025\/06\/Programme_A4_Preambules_2025_Rochefort-2-724x1024.jpg\" alt=\"\" class=\"wp-image-1430\" srcset=\"https:\/\/2068lacompagnie.com\/wp-content\/uploads\/2025\/06\/Programme_A4_Preambules_2025_Rochefort-2-724x1024.jpg 724w, https:\/\/2068lacompagnie.com\/wp-content\/uploads\/2025\/06\/Programme_A4_Preambules_2025_Rochefort-2-212x300.jpg 212w, https:\/\/2068lacompagnie.com\/wp-content\/uploads\/2025\/06\/Programme_A4_Preambules_2025_Rochefort-2-768x1086.jpg 768w, https:\/\/2068lacompagnie.com\/wp-content\/uploads\/2025\/06\/Programme_A4_Preambules_2025_Rochefort-2-1086x1536.jpg 1086w, https:\/\/2068lacompagnie.com\/wp-content\/uploads\/2025\/06\/Programme_A4_Preambules_2025_Rochefort-2-1448x2048.jpg 1448w, https:\/\/2068lacompagnie.com\/wp-content\/uploads\/2025\/06\/Programme_A4_Preambules_2025_Rochefort-2-600x848.jpg 600w, https:\/\/2068lacompagnie.com\/wp-content\/uploads\/2025\/06\/Programme_A4_Preambules_2025_Rochefort-2-scaled.jpg 1810w\" sizes=\"(max-width: 724px) 100vw, 724px\" \/><\/figure>\n\n\n\n<figure class=\"wp-block-image size-large\"><img loading=\"lazy\" decoding=\"async\" width=\"724\" height=\"1024\" data-id=\"1431\" src=\"https:\/\/2068lacompagnie.com\/wp-content\/uploads\/2025\/06\/Programme_A4_Preambules_2025_Rochefort-1-724x1024.jpg\" alt=\"\" class=\"wp-image-1431\" srcset=\"https:\/\/2068lacompagnie.com\/wp-content\/uploads\/2025\/06\/Programme_A4_Preambules_2025_Rochefort-1-724x1024.jpg 724w, https:\/\/2068lacompagnie.com\/wp-content\/uploads\/2025\/06\/Programme_A4_Preambules_2025_Rochefort-1-212x300.jpg 212w, https:\/\/2068lacompagnie.com\/wp-content\/uploads\/2025\/06\/Programme_A4_Preambules_2025_Rochefort-1-768x1086.jpg 768w, https:\/\/2068lacompagnie.com\/wp-content\/uploads\/2025\/06\/Programme_A4_Preambules_2025_Rochefort-1-1086x1536.jpg 1086w, https:\/\/2068lacompagnie.com\/wp-content\/uploads\/2025\/06\/Programme_A4_Preambules_2025_Rochefort-1-1448x2048.jpg 1448w, https:\/\/2068lacompagnie.com\/wp-content\/uploads\/2025\/06\/Programme_A4_Preambules_2025_Rochefort-1-600x848.jpg 600w, https:\/\/2068lacompagnie.com\/wp-content\/uploads\/2025\/06\/Programme_A4_Preambules_2025_Rochefort-1-scaled.jpg 1810w\" sizes=\"(max-width: 724px) 100vw, 724px\" \/><\/figure>\n<\/figure>\n","protected":false},"excerpt":{"rendered":"<div class=\"entry-summary\">\nNous vous donnons rdv \u00e0 Rochefort du Gard , programme d\u00e9taill\u00e9 ci dessous\n<\/div>\n<div class=\"link-more\"><a href=\"https:\/\/2068lacompagnie.com\/index.php\/2025\/06\/02\/le-programme-du-4-au-6-juillet-2025\/\" class=\"more-link\">Continue reading<span class=\"screen-reader-text\"> &ldquo;le Festival des Pr\u00e9ambules du 4 au 6 juillet 2025 !&rdquo;<\/span>&hellip;<\/a><\/div>\n","protected":false},"author":1,"featured_media":0,"comment_status":"open","ping_status":"open","sticky":false,"template":"","format":"standard","meta":{"spay_email":"","footnotes":""},"categories":[1],"tags":[],"jetpack_featured_media_url":"","_links":{"self":[{"href":"https:\/\/2068lacompagnie.com\/index.php\/wp-json\/wp\/v2\/posts\/1429"}],"collection":[{"href":"https:\/\/2068lacompagnie.com\/index.php\/wp-json\/wp\/v2\/posts"}],"about":[{"href":"https:\/\/2068lacompagnie.com\/index.php\/wp-json\/wp\/v2\/types\/post"}],"author":[{"embeddable":true,"href":"https:\/\/2068lacompagnie.com\/index.php\/wp-json\/wp\/v2\/users\/1"}],"replies":[{"embeddable":true,"href":"https:\/\/2068lacompagnie.com\/index.php\/wp-json\/wp\/v2\/comments?post=1429"}],"version-history":[{"count":2,"href":"https:\/\/2068lacompagnie.com\/index.php\/wp-json\/wp\/v2\/posts\/1429\/revisions"}],"predecessor-version":[{"id":1450,"href":"https:\/\/2068lacompagnie.com\/index.php\/wp-json\/wp\/v2\/posts\/1429\/revisions\/1450"}],"wp:attachment":[{"href":"https:\/\/2068lacompagnie.com\/index.php\/wp-json\/wp\/v2\/media?parent=1429"}],"wp:term":[{"taxonomy":"category","embeddable":true,"href":"https:\/\/2068lacompagnie.com\/index.php\/wp-json\/wp\/v2\/categories?post=1429"},{"taxonomy":"post_tag","embeddable":true,"href":"https:\/\/2068lacompagnie.com\/index.php\/wp-json\/wp\/v2\/tags?post=1429"}],"curies":[{"name":"wp","href":"https:\/\/api.w.org\/{rel}","templated":true}]}}